{"id":9162,"date":"2025-10-21T06:53:56","date_gmt":"2025-10-21T06:53:56","guid":{"rendered":"https:\/\/ms-alkoven.at\/?p=9162"},"modified":"2025-10-21T07:36:17","modified_gmt":"2025-10-21T07:36:17","slug":"schulanmeldung-diese-woche-noch-moeglich","status":"publish","type":"post","link":"https:\/\/ms-alkoven.at\/?p=9162","title":{"rendered":"Abend der offenen T\u00fcr"},"content":{"rendered":"\t\t<div data-elementor-type=\"wp-post\" data-elementor-id=\"9162\" class=\"elementor elementor-9162\">\n\t\t\t\t\t\t<section class=\"elementor-section elementor-top-section elementor-element elementor-element-dadfbb5 elementor-section-boxed elementor-section-height-default elementor-section-height-default\" data-id=\"dadfbb5\" data-element_type=\"section\">\n\t\t\t\t\t\t<div class=\"elementor-container elementor-column-gap-default\">\n\t\t\t\t\t<div class=\"elementor-column elementor-col-33 elementor-top-column elementor-element elementor-element-f53afe9\" data-id=\"f53afe9\" data-element_type=\"column\">\n\t\t\t<div class=\"elementor-widget-wrap elementor-element-populated\">\n\t\t\t\t\t\t<div class=\"elementor-element elementor-element-7803602 elementor-widget elementor-widget-image\" data-id=\"7803602\" data-element_type=\"widget\" data-widget_type=\"image.default\">\n\t\t\t\t<div class=\"elementor-widget-container\">\n\t\t\t\t\t\t\t\t\t\t\t\t\t\t\t\t<a href=\"https:\/\/ms-alkoven.at\/wp-content\/uploads\/2025\/10\/Tag-der-offenen-Tuer-_2025-original-nicht-verkleinert.jpg\" data-elementor-open-lightbox=\"yes\" data-elementor-lightbox-title=\"Tag der offenen T\u00fcr _2025 original nicht verkleinert\" data-e-action-hash=\"#elementor-action%3Aaction%3Dlightbox%26settings%3DeyJpZCI6OTE3OCwidXJsIjoiaHR0cHM6XC9cL21zLWFsa292ZW4uYXRcL3dwLWNvbnRlbnRcL3VwbG9hZHNcLzIwMjVcLzEwXC9UYWctZGVyLW9mZmVuZW4tVHVlci1fMjAyNS1vcmlnaW5hbC1uaWNodC12ZXJrbGVpbmVydC5qcGcifQ%3D%3D\">\n\t\t\t\t\t\t\t<img fetchpriority=\"high\" decoding=\"async\" width=\"750\" height=\"938\" src=\"https:\/\/ms-alkoven.at\/wp-content\/uploads\/2025\/10\/Tag-der-offenen-Tuer-_2025-original-nicht-verkleinert-819x1024.jpg\" class=\"attachment-large size-large wp-image-9178\" alt=\"\" srcset=\"https:\/\/ms-alkoven.at\/wp-content\/uploads\/2025\/10\/Tag-der-offenen-Tuer-_2025-original-nicht-verkleinert-819x1024.jpg 819w, https:\/\/ms-alkoven.at\/wp-content\/uploads\/2025\/10\/Tag-der-offenen-Tuer-_2025-original-nicht-verkleinert-240x300.jpg 240w, https:\/\/ms-alkoven.at\/wp-content\/uploads\/2025\/10\/Tag-der-offenen-Tuer-_2025-original-nicht-verkleinert-768x960.jpg 768w, https:\/\/ms-alkoven.at\/wp-content\/uploads\/2025\/10\/Tag-der-offenen-Tuer-_2025-original-nicht-verkleinert.jpg 1080w\" sizes=\"(max-width: 750px) 100vw, 750px\" \/>\t\t\t\t\t\t\t\t<\/a>\n\t\t\t\t\t\t\t\t\t\t\t\t\t\t\t<\/div>\n\t\t\t\t<\/div>\n\t\t\t\t\t<\/div>\n\t\t<\/div>\n\t\t\t\t<div class=\"elementor-column elementor-col-33 elementor-top-column elementor-element elementor-element-2940381\" data-id=\"2940381\" data-element_type=\"column\">\n\t\t\t<div class=\"elementor-widget-wrap elementor-element-populated\">\n\t\t\t\t\t\t\t<\/div>\n\t\t<\/div>\n\t\t\t\t<div class=\"elementor-column elementor-col-33 elementor-top-column elementor-element elementor-element-d118091\" data-id=\"d118091\" data-element_type=\"column\">\n\t\t\t<div class=\"elementor-widget-wrap elementor-element-populated\">\n\t\t\t\t\t\t<div class=\"elementor-element elementor-element-43a9baa elementor-widget__width-initial elementor-widget elementor-widget-text-editor\" data-id=\"43a9baa\" data-element_type=\"widget\" data-widget_type=\"text-editor.default\">\n\t\t\t\t<div class=\"elementor-widget-container\">\n\t\t\t\t\t\t\t\t\t<p style=\"text-align: center;\"><span style=\"text-decoration: underline;\"><em><strong><span style=\"font-size: 32px;\">Abend der offenen T\u00fcr<\/span><\/strong><\/em><\/span><\/p>\n<p class=\"elementtoproof\" style=\"background: white; margin: 12.0pt 0cm 12.0pt 0cm;\"><span style=\"font-size: 11.5pt; font-family: 'Segoe UI',sans-serif; color: #242424;\">Die Mittelschule Alkoven l\u00e4dt am Donnerstag, dem 27. November 2025, von 17 bis 19 Uhr herzlich zum Abend der offenen T\u00fcr ein. An diesem Abend haben interessierte Sch\u00fclerinnen, Sch\u00fcler und Eltern die M\u00f6glichkeit, das Schulhaus zu besichtigen und einen Einblick in das vielf\u00e4ltige Unterrichtsangebot zu gewinnen. Lehrkr\u00e4fte und die Schulleitung stehen f\u00fcr pers\u00f6nliche Gespr\u00e4che zur Verf\u00fcgung und informieren \u00fcber die Schwerpunkte und Projekte der Schule. Auch Anmeldungen f\u00fcr das Schuljahr 2026\/2027 sind bereits m\u00f6glich.<\/span><\/p>\n<p class=\"elementtoproof\" style=\"background: white; margin: 12.0pt 0cm 12.0pt 0cm;\"><span style=\"font-size: 11.5pt; font-family: 'Segoe UI',sans-serif; color: #242424;\">Ein besonderes Augenmerk liegt heuer auf dem neuen Schwerpunkt \u201eGesundheit, Pflege Plus und Soziales\u201c. Dieses einzigartige Bildungskonzept verbindet modernes Lernen mit sozialer Verantwortung und bietet den Sch\u00fclerinnen und Sch\u00fclern die M\u00f6glichkeit, wichtige Kompetenzen f\u00fcr Beruf und Alltag zu erwerben. Durch praxisnahe Projekte, innovative Unterrichtsf\u00e4cher und neue Lernmethoden werden die Jugendlichen bestm\u00f6glich auf die Zukunft vorbereitet.<\/span><\/p>\n<p class=\"elementtoproof\" style=\"background: white; margin: 12.0pt 0cm 12.0pt 0cm;\"><span style=\"font-size: 11.5pt; font-family: 'Segoe UI',sans-serif; color: #242424;\">Die MS Alkoven versteht sich als Schule, die Bildung mit Leben f\u00fcllt und junge Menschen ganzheitlich f\u00f6rdert. Beim Abend der offenen T\u00fcr k\u00f6nnen Besucherinnen und Besucher diese lebendige Lernatmosph\u00e4re selbst erleben. F\u00fcr das leibliche Wohl ist mit kleinen Snacks und Getr\u00e4nken gesorgt. Die Schulgemeinschaft freut sich auf zahlreiche interessierte G\u00e4ste.<\/span><\/p>\n<p>\u00a0<\/p>\t\t\t\t\t\t\t\t<\/div>\n\t\t\t\t<\/div>\n\t\t\t\t\t<\/div>\n\t\t<\/div>\n\t\t\t\t\t<\/div>\n\t\t<\/section>\n\t\t\t\t<section class=\"elementor-section elementor-top-section elementor-element elementor-element-7528834 elementor-section-boxed elementor-section-height-default elementor-section-height-default\" data-id=\"7528834\" data-element_type=\"section\">\n\t\t\t\t\t\t<div class=\"elementor-container elementor-column-gap-default\">\n\t\t\t\t\t<div class=\"elementor-column elementor-col-100 elementor-top-column elementor-element elementor-element-1dc9a4b\" data-id=\"1dc9a4b\" data-element_type=\"column\">\n\t\t\t<div class=\"elementor-widget-wrap\">\n\t\t\t\t\t\t\t<\/div>\n\t\t<\/div>\n\t\t\t\t\t<\/div>\n\t\t<\/section>\n\t\t\t\t<section class=\"elementor-section elementor-top-section elementor-element elementor-element-cde97e4 elementor-section-boxed elementor-section-height-default elementor-section-height-default\" data-id=\"cde97e4\" data-element_type=\"section\">\n\t\t\t\t\t\t<div class=\"elementor-container elementor-column-gap-default\">\n\t\t\t\t\t<div class=\"elementor-column elementor-col-100 elementor-top-column elementor-element elementor-element-7dbb7ad\" data-id=\"7dbb7ad\" data-element_type=\"column\">\n\t\t\t<div class=\"elementor-widget-wrap\">\n\t\t\t\t\t\t\t<\/div>\n\t\t<\/div>\n\t\t\t\t\t<\/div>\n\t\t<\/section>\n\t\t\t\t<section class=\"elementor-section elementor-top-section elementor-element elementor-element-001be3a elementor-section-boxed elementor-section-height-default elementor-section-height-default\" data-id=\"001be3a\" data-element_type=\"section\">\n\t\t\t\t\t\t<div class=\"elementor-container elementor-column-gap-default\">\n\t\t\t\t\t<div class=\"elementor-column elementor-col-50 elementor-top-column elementor-element elementor-element-abca0f5\" data-id=\"abca0f5\" data-element_type=\"column\">\n\t\t\t<div class=\"elementor-widget-wrap\">\n\t\t\t\t\t\t\t<\/div>\n\t\t<\/div>\n\t\t\t\t<div class=\"elementor-column elementor-col-50 elementor-top-column elementor-element elementor-element-12b3d26\" data-id=\"12b3d26\" data-element_type=\"column\">\n\t\t\t<div class=\"elementor-widget-wrap\">\n\t\t\t\t\t\t\t<\/div>\n\t\t<\/div>\n\t\t\t\t\t<\/div>\n\t\t<\/section>\n\t\t\t\t<\/div>\n\t\t","protected":false},"excerpt":{"rendered":"<p>Abend der offenen T\u00fcr Die Mittelschule Alkoven l\u00e4dt am Donnerstag, dem 27. November 2025, von 17 bis 19 Uhr herzlich &hellip; <\/p>\n","protected":false},"author":1,"featured_media":9186,"comment_status":"closed","ping_status":"closed","sticky":false,"template":"elementor_header_footer","format":"link","meta":{"footnotes":""},"categories":[20],"tags":[],"class_list":["post-9162","post","type-post","status-publish","format-link","has-post-thumbnail","hentry","category-aktuelles","post_format-post-format-link"],"_links":{"self":[{"href":"https:\/\/ms-alkoven.at\/index.php?rest_route=\/wp\/v2\/posts\/9162","targetHints":{"allow":["GET"]}}],"collection":[{"href":"https:\/\/ms-alkoven.at\/index.php?rest_route=\/wp\/v2\/posts"}],"about":[{"href":"https:\/\/ms-alkoven.at\/index.php?rest_route=\/wp\/v2\/types\/post"}],"author":[{"embeddable":true,"href":"https:\/\/ms-alkoven.at\/index.php?rest_route=\/wp\/v2\/users\/1"}],"replies":[{"embeddable":true,"href":"https:\/\/ms-alkoven.at\/index.php?rest_route=%2Fwp%2Fv2%2Fcomments&post=9162"}],"version-history":[{"count":18,"href":"https:\/\/ms-alkoven.at\/index.php?rest_route=\/wp\/v2\/posts\/9162\/revisions"}],"predecessor-version":[{"id":9185,"href":"https:\/\/ms-alkoven.at\/index.php?rest_route=\/wp\/v2\/posts\/9162\/revisions\/9185"}],"wp:featuredmedia":[{"embeddable":true,"href":"https:\/\/ms-alkoven.at\/index.php?rest_route=\/wp\/v2\/media\/9186"}],"wp:attachment":[{"href":"https:\/\/ms-alkoven.at\/index.php?rest_route=%2Fwp%2Fv2%2Fmedia&parent=9162"}],"wp:term":[{"taxonomy":"category","embeddable":true,"href":"https:\/\/ms-alkoven.at\/index.php?rest_route=%2Fwp%2Fv2%2Fcategories&post=9162"},{"taxonomy":"post_tag","embeddable":true,"href":"https:\/\/ms-alkoven.at\/index.php?rest_route=%2Fwp%2Fv2%2Ftags&post=9162"}],"curies":[{"name":"wp","href":"https:\/\/api.w.org\/{rel}","templated":true}]}}